{"id":26488,"date":"2026-01-26T09:57:06","date_gmt":"2026-01-26T08:57:06","guid":{"rendered":"https:\/\/drhe.hu\/?p=26488"},"modified":"2026-01-26T10:05:37","modified_gmt":"2026-01-26T09:05:37","slug":"rendkivuli-erdeklodes-a-drhe-nyilt-napjan","status":"publish","type":"post","link":"https:\/\/drhe.hu\/en\/2026\/01\/26\/rendkivuli-erdeklodes-a-drhe-nyilt-napjan\/","title":{"rendered":"Rendk\u00edv\u00fcli \u00e9rdekl\u0151d\u00e9s a DRHE ny\u00edlt napj\u00e1n"},"content":{"rendered":"<p>A Debreceni Reform\u00e1tus Hittudom\u00e1nyi Egyetem 2026. janu\u00e1r 20-\u00e1ra hirdette meg ny\u00edlt napj\u00e1t a 2026 szeptember\u00e9ben indul\u00f3 hit\u00e9leti \u00e9s pedag\u00f3gusk\u00e9pz\u00e9sekr\u0151l adva t\u00e1j\u00e9koztat\u00e1st, valamint betekint\u00e9st k\u00edn\u00e1lva azok saj\u00e1toss\u00e1gaiba. Ez\u00fattal a kor\u00e1bbi \u00e9vek\u00e9t j\u00f3val meghalad\u00f3 \u00e9rdekl\u0151d\u0151, t\u00f6bb mint hetven k\u00f6z\u00e9piskol\u00e1s, illetve m\u00e1r v\u00e9gzett di\u00e1k \u00e9s feln\u0151tt (leend\u0151 nappali \u00e9s levelez\u0151 tagozatos hallgat\u00f3ink) jelent meg az alkalmunkon.<br \/>\nA Debreceni Reform\u00e1tus Koll\u00e9gium D\u00edszterm\u00e9ben dr. Bar\u00e1th B\u00e9la Levente rektor k\u00f6sz\u00f6nt\u0151je ut\u00e1n dr. Kust\u00e1r Zolt\u00e1nn\u00e9 tanulm\u00e1nyi oszt\u00e1lyvezet\u0151 a felv\u00e9teli rendj\u00e9r\u0151l adott t\u00e1j\u00e9koztat\u00e1st; dr. Kust\u00e1r Zolt\u00e1n int\u00e9zetvezet\u0151 a teol\u00f3giai int\u00e9zet szakjait, dr. Kenyhercz R\u00f3bert szakfelel\u0151s a tan\u00edt\u00f3 szakot mutatta be r\u00f6viden; Dobi D\u00f3ra szenior a di\u00e1k\u00e9letr\u0151l \u00e9s az \u00f6szt\u00f6nd\u00edj-lehet\u0151s\u00e9gekr\u0151l besz\u00e9lt.<br \/>\nA DRHE hit\u00e9leti szakjai ir\u00e1nt \u00e9rdekl\u0151d\u0151k a d\u00edszteremben maradtak, ahol besz\u00e9lget\u00e9st folytattak a teol\u00f3gia, a teol\u00f3gia-lelk\u00e9sz, a katek\u00e9ta-lelkip\u00e1sztori munkat\u00e1rs, a reform\u00e1tus k\u00e1ntor, a reform\u00e1tus hittan\u00e1r-nevel\u0151tan\u00e1r \u00e9s k\u00f6zismeretei szakp\u00e1ros k\u00e9pz\u00e9sekr\u0151l.<br \/>\nAzok sz\u00e1m\u00e1ra, akik a tan\u00edt\u00f3 szakra k\u00edv\u00e1nj\u00e1k beadni jelentkez\u00e9s\u00fcket, \u00f3ral\u00e1togat\u00e1sokat szervezt\u00fcnk a K\u00f6lcsey Ferenc Reform\u00e1tus Gyakorl\u00f3 \u00c1ltal\u00e1nos Iskol\u00e1ba, ahol bepillant\u00e1st kaphattak az als\u00f3s oszt\u00e1lyokban \u00e9ppen foly\u00f3 napi oktat\u00f3i-nevel\u0151i munk\u00e1ba. A rendk\u00edv\u00fcli \u00e9rdekl\u0151d\u00e9sre val\u00f3 tekintettel k\u00e9t nagyobb l\u00e9tsz\u00e1m\u00fa csoportban kellett megszervezni az \u00f3ral\u00e1togat\u00f3 k\u00f6rutat.<br \/>\nA tanulm\u00e1nyi oszt\u00e1lyunkon helyben is lehetett jelentkezni a janu\u00e1r 29-\u00e9re szervezett tan\u00edt\u00f3i el\u0151-alkalmass\u00e1gi vizsg\u00e1ra, majd teol\u00f3gushallgat\u00f3ink vezet\u00e9s\u00e9vel az \u00e9rdekl\u0151d\u0151knek koll\u00e9giumi l\u00e1togat\u00e1st szervezt\u00fcnk az Andah\u00e1zy Koll\u00e9giumba (ahol megismerkedhettek az egyetem\u00fcnk minden nappali tagozatos hallgat\u00f3ja sz\u00e1m\u00e1ra jelk\u00e9pes \u00e1ron hozz\u00e1f\u00e9rhet\u0151, hotelsz\u00ednvonal\u00fa koll\u00e9gium szolg\u00e1ltat\u00e1saival).<br \/>\nA tan\u00edt\u00f3i \u00e9s a hittan\u00e1r-nevel\u0151tan\u00e1r k\u00f6zismereti szakp\u00e1ros (a Debreceni Egyetemmel k\u00f6z\u00f6s magyar nyelv \u00e9s irodalom, t\u00f6rt\u00e9nelem, hon- \u00e9s n\u00e9pismeret, n\u00e9met nyelv) k\u00e9pz\u00e9sek jelentkez\u00e9si hat\u00e1rideje 2026. febru\u00e1r 15. \u2013 a felvi.hu fel\u00fclet\u00e9n kereszt\u00fcl elektronikusan; a hit\u00e9leti k\u00e9pz\u00e9sekre a DRHE Tanulm\u00e1nyi Oszt\u00e1ly\u00e1ra kell beadni a jelentkez\u00e9seket 2026. febru\u00e1r 28-ig.<br \/>\nA r\u00e9szletesebb felv\u00e9teli inform\u00e1ci\u00f3kat megtal\u00e1lhatj\u00e1k az al\u00e1bbi fel\u00fcleten: <a href=\"https:\/\/felveteli.drhe.hu\/\">https:\/\/felveteli.drhe.hu\/<\/a><\/p>\n<p><img loading=\"lazy\" decoding=\"async\" class=\"alignnone wp-image-26491\" src=\"https:\/\/drhe.hu\/wp-content\/uploads\/2026\/01\/nyilt-nap-2026-scaled.jpg\" alt=\"\" width=\"627\" height=\"418\" srcset=\"https:\/\/drhe.hu\/wp-content\/uploads\/2026\/01\/nyilt-nap-2026-scaled.jpg 2560w, https:\/\/drhe.hu\/wp-content\/uploads\/2026\/01\/nyilt-nap-2026-391x260.jpg 391w, https:\/\/drhe.hu\/wp-content\/uploads\/2026\/01\/nyilt-nap-2026-1536x1024.jpg 1536w, https:\/\/drhe.hu\/wp-content\/uploads\/2026\/01\/nyilt-nap-2026-2048x1365.jpg 2048w\" sizes=\"auto, (max-width: 627px) 100vw, 627px\" \/><\/p>\n","protected":false},"excerpt":{"rendered":"<p>A Debreceni Reform\u00e1tus Hittudom\u00e1nyi Egyetem 2026. janu\u00e1r 20-\u00e1ra hirdette meg ny\u00edlt napj\u00e1t a 2026 szeptember\u00e9ben indul\u00f3 hit\u00e9leti \u00e9s pedag\u00f3gusk\u00e9pz\u00e9sekr\u0151l adva<\/p>\n","protected":false},"author":38,"featured_media":26489,"comment_status":"closed","ping_status":"closed","sticky":false,"template":"","format":"standard","meta":{"_acf_changed":false,"footnotes":"","_links_to":"","_links_to_target":""},"categories":[103],"tags":[],"class_list":["post-26488","post","type-post","status-publish","format-standard","has-post-thumbnail","hentry","category-hirek"],"acf":[],"_links":{"self":[{"href":"https:\/\/drhe.hu\/en\/wp-json\/wp\/v2\/posts\/26488","targetHints":{"allow":["GET"]}}],"collection":[{"href":"https:\/\/drhe.hu\/en\/wp-json\/wp\/v2\/posts"}],"about":[{"href":"https:\/\/drhe.hu\/en\/wp-json\/wp\/v2\/types\/post"}],"author":[{"embeddable":true,"href":"https:\/\/drhe.hu\/en\/wp-json\/wp\/v2\/users\/38"}],"replies":[{"embeddable":true,"href":"https:\/\/drhe.hu\/en\/wp-json\/wp\/v2\/comments?post=26488"}],"version-history":[{"count":3,"href":"https:\/\/drhe.hu\/en\/wp-json\/wp\/v2\/posts\/26488\/revisions"}],"predecessor-version":[{"id":26495,"href":"https:\/\/drhe.hu\/en\/wp-json\/wp\/v2\/posts\/26488\/revisions\/26495"}],"wp:featuredmedia":[{"embeddable":true,"href":"https:\/\/drhe.hu\/en\/wp-json\/wp\/v2\/media\/26489"}],"wp:attachment":[{"href":"https:\/\/drhe.hu\/en\/wp-json\/wp\/v2\/media?parent=26488"}],"wp:term":[{"taxonomy":"category","embeddable":true,"href":"https:\/\/drhe.hu\/en\/wp-json\/wp\/v2\/categories?post=26488"},{"taxonomy":"post_tag","embeddable":true,"href":"https:\/\/drhe.hu\/en\/wp-json\/wp\/v2\/tags?post=26488"}],"curies":[{"name":"wp","href":"https:\/\/api.w.org\/{rel}","templated":true}]}}