{"id":26496,"date":"2026-01-26T13:59:48","date_gmt":"2026-01-26T12:59:48","guid":{"rendered":"https:\/\/drhe.hu\/?p=26496"},"modified":"2026-01-26T14:40:58","modified_gmt":"2026-01-26T13:40:58","slug":"a-haza-minden-elott-festmenyavatas-a-magyar-kultura-napjan","status":"publish","type":"post","link":"https:\/\/drhe.hu\/en\/2026\/01\/26\/a-haza-minden-elott-festmenyavatas-a-magyar-kultura-napjan\/","title":{"rendered":"\u201eA haza minden el\u0151tt\u201d &#8211; Festm\u00e9nyavat\u00e1s a Magyar Kult\u00fara Napj\u00e1n"},"content":{"rendered":"<p>A K\u00f6lcsey Ferenc <em>Eml\u00e9klapra<\/em> c\u00edm\u0171 epigramm\u00e1j\u00e1b\u00f3l vett id\u00e9zet, \u201eA HAZA MINDEN EL\u0150TT\u201d felirat szerepel a tan\u00edt\u00f3k\u00e9pz\u0151 f\u0151iskola, a DRHE jogel\u0151d int\u00e9zm\u00e9nye egykori oktat\u00f3ja, a 2017-ben, 72 \u00e9ves kor\u00e1ban elhunyt Makoldi S\u00e1ndor fest\u0151m\u0171v\u00e9sz \u00e9s etnogr\u00e1fus 2000-ben k\u00e9sz\u00edtett nagym\u00e9ret\u0171 K\u00f6lcsey-portr\u00e9festm\u00e9ny\u00e9n, melyet a Magyar Kult\u00fara Napj\u00e1n Debrecen Megyei Jog\u00fa V\u00e1rossal k\u00f6z\u00f6sen szervezett \u00fcnneps\u00e9gen avattunk \u00fajra egyetem\u00fcnk K\u00f6lcsey Ferenc Term\u00e9ben.<br \/>\nA festm\u00e9ny ugyan l\u00e1that\u00f3 volt a r\u00e9gi int\u00e9zm\u00e9ny tan\u00e1csterm\u00e9ben, \u00e1m csak most v\u00e1lt \u00fajra \u201ek\u00f6zkinccs\u00e9\u201d a 2016-ban a nemzeti im\u00e1ds\u00e1gunk k\u00f6lt\u0151j\u00e9r\u0151l elnevezett teremben. A k\u00e9pavat\u00e1si cerem\u00f3ni\u00e1n dr. Bar\u00e1th B\u00e9la Levente, a DRHE rektora \u00e9s dr. Pusk\u00e1s Istv\u00e1n, Debrecen MJV kultur\u00e1lis \u00fcgyek\u00e9rt felel\u0151s alpolg\u00e1rmestere mellett r\u00e9szt vett Makoldi Emese Anna, a fest\u0151m\u0171v\u00e9sz unok\u00e1ja, egyetem\u00fcnk els\u0151\u00e9ves tan\u00edt\u00f3 szakos hallgat\u00f3ja is.<br \/>\nA Magyar Kult\u00fara Napja \u00fcnneps\u00e9g\u00e9n dr. Vit\u00e9z Ferenc irodalomt\u00f6rt\u00e9n\u00e9sz mondott besz\u00e9det, kiemelve a <em>Himnusz<\/em> \u201enemzeti ars poetica\u201d jelleg\u00e9t, valamint m\u00e9ltatva Makoldi S\u00e1ndor fest\u0151i \u00f6r\u00f6ks\u00e9g\u00e9t. Ezt k\u00f6vet\u0151en megkoszor\u00faztuk az E. Lakatos Aranka \u00e1ltal k\u00e9sz\u00edtett K\u00f6lcsey-bronzdomborm\u0171vet; dr. Bar\u00e1th B\u00e9la Levente rektor a Debreceni Reform\u00e1tus Koll\u00e9gium igazgat\u00f3tan\u00e1cs\u00e1nak eln\u00f6kek\u00e9nt helyezte el az eml\u00e9kez\u00e9s \u00e9s tisztelg\u00e9s koszor\u00faj\u00e1t a Koll\u00e9gium f\u0151bej\u00e1rati homlokzat\u00e1n l\u00e9v\u0151 K\u00f6lcsey-portr\u00e9domborm\u0171 alatt; majd a P\u00e9terfia utcai K\u00f6lcsey-szobor koszor\u00faz\u00e1sa el\u0151tt dr. Pusk\u00e1s Istv\u00e1n alpolg\u00e1rmester osztotta meg kult\u00fara napi gondolatait az \u00fcnnepl\u0151 \u00e9s eml\u00e9kez\u0151 k\u00f6z\u00f6ns\u00e9ggel.<\/p>\n<p><img loading=\"lazy\" decoding=\"async\" class=\"alignnone wp-image-26498\" src=\"https:\/\/drhe.hu\/wp-content\/uploads\/2026\/01\/DSC_0065T-scaled.jpeg\" alt=\"\" width=\"566\" height=\"377\" srcset=\"https:\/\/drhe.hu\/wp-content\/uploads\/2026\/01\/DSC_0065T-scaled.jpeg 2560w, https:\/\/drhe.hu\/wp-content\/uploads\/2026\/01\/DSC_0065T-391x260.jpeg 391w, https:\/\/drhe.hu\/wp-content\/uploads\/2026\/01\/DSC_0065T-1536x1024.jpeg 1536w, https:\/\/drhe.hu\/wp-content\/uploads\/2026\/01\/DSC_0065T-2048x1365.jpeg 2048w\" sizes=\"auto, (max-width: 566px) 100vw, 566px\" \/>\u00a0 <img loading=\"lazy\" decoding=\"async\" class=\"alignnone wp-image-26500\" src=\"https:\/\/drhe.hu\/wp-content\/uploads\/2026\/01\/DSC_0080T-scaled.jpeg\" alt=\"\" width=\"564\" height=\"376\" srcset=\"https:\/\/drhe.hu\/wp-content\/uploads\/2026\/01\/DSC_0080T-scaled.jpeg 2560w, https:\/\/drhe.hu\/wp-content\/uploads\/2026\/01\/DSC_0080T-391x260.jpeg 391w, https:\/\/drhe.hu\/wp-content\/uploads\/2026\/01\/DSC_0080T-1536x1024.jpeg 1536w, https:\/\/drhe.hu\/wp-content\/uploads\/2026\/01\/DSC_0080T-2048x1365.jpeg 2048w\" sizes=\"auto, (max-width: 564px) 100vw, 564px\" \/>\u00a0 <img loading=\"lazy\" decoding=\"async\" class=\"alignnone wp-image-26502\" src=\"https:\/\/drhe.hu\/wp-content\/uploads\/2026\/01\/DSC_0083-T-scaled.jpeg\" alt=\"\" width=\"566\" height=\"377\" srcset=\"https:\/\/drhe.hu\/wp-content\/uploads\/2026\/01\/DSC_0083-T-scaled.jpeg 2560w, https:\/\/drhe.hu\/wp-content\/uploads\/2026\/01\/DSC_0083-T-391x260.jpeg 391w, https:\/\/drhe.hu\/wp-content\/uploads\/2026\/01\/DSC_0083-T-1536x1024.jpeg 1536w, https:\/\/drhe.hu\/wp-content\/uploads\/2026\/01\/DSC_0083-T-2048x1365.jpeg 2048w\" sizes=\"auto, (max-width: 566px) 100vw, 566px\" \/> <img loading=\"lazy\" decoding=\"async\" class=\"alignnone wp-image-26506\" src=\"https:\/\/drhe.hu\/wp-content\/uploads\/2026\/01\/DSC_0086-masolat-scaled.jpg\" alt=\"\" width=\"251\" height=\"377\" srcset=\"https:\/\/drhe.hu\/wp-content\/uploads\/2026\/01\/DSC_0086-masolat-scaled.jpg 1707w, https:\/\/drhe.hu\/wp-content\/uploads\/2026\/01\/DSC_0086-masolat-1024x1536.jpg 1024w, https:\/\/drhe.hu\/wp-content\/uploads\/2026\/01\/DSC_0086-masolat-1365x2048.jpg 1365w\" sizes=\"auto, (max-width: 251px) 100vw, 251px\" \/>\u00a0 <img loading=\"lazy\" decoding=\"async\" class=\"alignnone wp-image-26512\" src=\"https:\/\/drhe.hu\/wp-content\/uploads\/2026\/01\/DSC_0174-scaled.jpg\" alt=\"\" width=\"572\" height=\"381\" srcset=\"https:\/\/drhe.hu\/wp-content\/uploads\/2026\/01\/DSC_0174-scaled.jpg 2560w, https:\/\/drhe.hu\/wp-content\/uploads\/2026\/01\/DSC_0174-391x260.jpg 391w, https:\/\/drhe.hu\/wp-content\/uploads\/2026\/01\/DSC_0174-1536x1024.jpg 1536w, https:\/\/drhe.hu\/wp-content\/uploads\/2026\/01\/DSC_0174-2048x1365.jpg 2048w\" sizes=\"auto, (max-width: 572px) 100vw, 572px\" \/> <img loading=\"lazy\" decoding=\"async\" class=\"alignnone wp-image-26504\" src=\"https:\/\/drhe.hu\/wp-content\/uploads\/2026\/01\/DSC_0186-scaled.jpg\" alt=\"\" width=\"569\" height=\"379\" srcset=\"https:\/\/drhe.hu\/wp-content\/uploads\/2026\/01\/DSC_0186-scaled.jpg 2560w, https:\/\/drhe.hu\/wp-content\/uploads\/2026\/01\/DSC_0186-391x260.jpg 391w, https:\/\/drhe.hu\/wp-content\/uploads\/2026\/01\/DSC_0186-1536x1024.jpg 1536w, https:\/\/drhe.hu\/wp-content\/uploads\/2026\/01\/DSC_0186-2048x1365.jpg 2048w\" sizes=\"auto, (max-width: 569px) 100vw, 569px\" \/> <img loading=\"lazy\" decoding=\"async\" class=\"alignnone wp-image-26510\" src=\"https:\/\/drhe.hu\/wp-content\/uploads\/2026\/01\/DSC_0208-scaled.jpg\" alt=\"\" width=\"570\" height=\"380\" srcset=\"https:\/\/drhe.hu\/wp-content\/uploads\/2026\/01\/DSC_0208-scaled.jpg 2560w, https:\/\/drhe.hu\/wp-content\/uploads\/2026\/01\/DSC_0208-391x260.jpg 391w, https:\/\/drhe.hu\/wp-content\/uploads\/2026\/01\/DSC_0208-1536x1024.jpg 1536w, https:\/\/drhe.hu\/wp-content\/uploads\/2026\/01\/DSC_0208-2048x1365.jpg 2048w\" sizes=\"auto, (max-width: 570px) 100vw, 570px\" \/>\u00a0 \u00a0 <img loading=\"lazy\" decoding=\"async\" class=\"alignnone wp-image-26518\" src=\"https:\/\/drhe.hu\/wp-content\/uploads\/2026\/01\/DSC_0228-scaled.jpg\" alt=\"\" width=\"569\" height=\"379\" srcset=\"https:\/\/drhe.hu\/wp-content\/uploads\/2026\/01\/DSC_0228-scaled.jpg 2560w, https:\/\/drhe.hu\/wp-content\/uploads\/2026\/01\/DSC_0228-391x260.jpg 391w, https:\/\/drhe.hu\/wp-content\/uploads\/2026\/01\/DSC_0228-1536x1024.jpg 1536w, https:\/\/drhe.hu\/wp-content\/uploads\/2026\/01\/DSC_0228-2048x1365.jpg 2048w\" sizes=\"auto, (max-width: 569px) 100vw, 569px\" \/>\u00a0 <img loading=\"lazy\" decoding=\"async\" class=\"alignnone wp-image-26520\" src=\"https:\/\/drhe.hu\/wp-content\/uploads\/2026\/01\/DSC_0235-1-scaled.jpg\" alt=\"\" width=\"569\" height=\"379\" srcset=\"https:\/\/drhe.hu\/wp-content\/uploads\/2026\/01\/DSC_0235-1-scaled.jpg 2560w, https:\/\/drhe.hu\/wp-content\/uploads\/2026\/01\/DSC_0235-1-391x260.jpg 391w, https:\/\/drhe.hu\/wp-content\/uploads\/2026\/01\/DSC_0235-1-1536x1024.jpg 1536w, https:\/\/drhe.hu\/wp-content\/uploads\/2026\/01\/DSC_0235-1-2048x1365.jpg 2048w\" sizes=\"auto, (max-width: 569px) 100vw, 569px\" \/>\u00a0 <img loading=\"lazy\" decoding=\"async\" class=\"alignnone wp-image-26514\" src=\"https:\/\/drhe.hu\/wp-content\/uploads\/2026\/01\/DSC_0252-scaled.jpg\" alt=\"\" width=\"567\" height=\"378\" srcset=\"https:\/\/drhe.hu\/wp-content\/uploads\/2026\/01\/DSC_0252-scaled.jpg 2560w, https:\/\/drhe.hu\/wp-content\/uploads\/2026\/01\/DSC_0252-391x260.jpg 391w, https:\/\/drhe.hu\/wp-content\/uploads\/2026\/01\/DSC_0252-1536x1024.jpg 1536w, https:\/\/drhe.hu\/wp-content\/uploads\/2026\/01\/DSC_0252-2048x1365.jpg 2048w\" sizes=\"auto, (max-width: 567px) 100vw, 567px\" \/><\/p>\n","protected":false},"excerpt":{"rendered":"<p>A K\u00f6lcsey Ferenc Eml\u00e9klapra c\u00edm\u0171 epigramm\u00e1j\u00e1b\u00f3l vett id\u00e9zet, \u201eA HAZA MINDEN EL\u0150TT\u201d felirat szerepel a tan\u00edt\u00f3k\u00e9pz\u0151 f\u0151iskola, a DRHE jogel\u0151d<\/p>\n","protected":false},"author":38,"featured_media":26516,"comment_status":"closed","ping_status":"closed","sticky":false,"template":"","format":"standard","meta":{"_acf_changed":false,"footnotes":"","_links_to":"","_links_to_target":""},"categories":[103],"tags":[],"class_list":["post-26496","post","type-post","status-publish","format-standard","has-post-thumbnail","hentry","category-hirek"],"acf":[],"_links":{"self":[{"href":"https:\/\/drhe.hu\/en\/wp-json\/wp\/v2\/posts\/26496","targetHints":{"allow":["GET"]}}],"collection":[{"href":"https:\/\/drhe.hu\/en\/wp-json\/wp\/v2\/posts"}],"about":[{"href":"https:\/\/drhe.hu\/en\/wp-json\/wp\/v2\/types\/post"}],"author":[{"embeddable":true,"href":"https:\/\/drhe.hu\/en\/wp-json\/wp\/v2\/users\/38"}],"replies":[{"embeddable":true,"href":"https:\/\/drhe.hu\/en\/wp-json\/wp\/v2\/comments?post=26496"}],"version-history":[{"count":2,"href":"https:\/\/drhe.hu\/en\/wp-json\/wp\/v2\/posts\/26496\/revisions"}],"predecessor-version":[{"id":26522,"href":"https:\/\/drhe.hu\/en\/wp-json\/wp\/v2\/posts\/26496\/revisions\/26522"}],"wp:featuredmedia":[{"embeddable":true,"href":"https:\/\/drhe.hu\/en\/wp-json\/wp\/v2\/media\/26516"}],"wp:attachment":[{"href":"https:\/\/drhe.hu\/en\/wp-json\/wp\/v2\/media?parent=26496"}],"wp:term":[{"taxonomy":"category","embeddable":true,"href":"https:\/\/drhe.hu\/en\/wp-json\/wp\/v2\/categories?post=26496"},{"taxonomy":"post_tag","embeddable":true,"href":"https:\/\/drhe.hu\/en\/wp-json\/wp\/v2\/tags?post=26496"}],"curies":[{"name":"wp","href":"https:\/\/api.w.org\/{rel}","templated":true}]}}