{"id":27391,"date":"2026-04-30T11:10:09","date_gmt":"2026-04-30T09:10:09","guid":{"rendered":"https:\/\/drhe.hu\/?p=27391"},"modified":"2026-04-30T11:14:51","modified_gmt":"2026-04-30T09:14:51","slug":"palyazati-kiiras-az-egyetem-egyetemi-fotitkari-tisztsegenek-betoltesere","status":"publish","type":"post","link":"https:\/\/drhe.hu\/en\/2026\/04\/30\/palyazati-kiiras-az-egyetem-egyetemi-fotitkari-tisztsegenek-betoltesere\/","title":{"rendered":"P\u00e1ly\u00e1zati felh\u00edv\u00e1s az egyetem egyetemi f\u0151titk\u00e1ri tiszts\u00e9g\u00e9nek bet\u00f6lt\u00e9s\u00e9re"},"content":{"rendered":"<p>A Debreceni Reform\u00e1tus Hittudom\u00e1nyi Egyetem rektora nyilv\u00e1nos p\u00e1ly\u00e1zatot hirdet az egyetem <strong>egyetemi f\u0151titk\u00e1ri tiszts\u00e9g\u00e9nek <\/strong>bet\u00f6lt\u00e9s\u00e9re.<br \/>\nA megb\u00edz\u00e1s <em>2026. augusztus 1. napj\u00e1t\u00f3l 2029. j\u00falius 31.<\/em> napj\u00e1ig sz\u00f3l.<br \/>\nK\u00fcls\u0151 p\u00e1ly\u00e1z\u00f3 eset\u00e9n a p\u00e1ly\u00e1zat \u2013 meg\u00e1llapod\u00e1s szerinti id\u0151tartamra sz\u00f3l\u00f3an \u2013 a Rektori Hivatal \u00e1llom\u00e1ny\u00e1ban teljes munkaid\u0151s \u00fcgyviv\u0151-szak\u00e9rt\u0151 \u00e1ll\u00e1shelyre is vonatkozik.<br \/>\nA p\u00e1ly\u00e1zati felh\u00edv\u00e1s k\u00f6zz\u00e9t\u00e9tel\u00e9nek id\u0151pontja: 2026. \u00e1prilis 30.<br \/>\nA p\u00e1ly\u00e1zat beny\u00fajt\u00e1s\u00e1nak hat\u00e1rideje: 2026. j\u00fanius 1.<br \/>\nA p\u00e1ly\u00e1zat elb\u00edr\u00e1l\u00e1s\u00e1nak hat\u00e1rideje: 2026. j\u00fanius 16.<\/p>\n<p>A r\u00e9szletes p\u00e1ly\u00e1zati felh\u00edv\u00e1s <a href=\"https:\/\/drhe.hu\/wp-content\/uploads\/2026\/04\/Fotitkari-palyazati-kiiras-2026-aprilis.pdf\">itt<\/a> tekinthet\u0151 meg.<\/p>\n","protected":false},"excerpt":{"rendered":"<p>A Debreceni Reform\u00e1tus Hittudom\u00e1nyi Egyetem rektora nyilv\u00e1nos p\u00e1ly\u00e1zatot hirdet az egyetem egyetemi f\u0151titk\u00e1ri tiszts\u00e9g\u00e9nek bet\u00f6lt\u00e9s\u00e9re. A megb\u00edz\u00e1s 2026. augusztus 1.<\/p>\n","protected":false},"author":38,"featured_media":27396,"comment_status":"closed","ping_status":"closed","sticky":false,"template":"","format":"standard","meta":{"_acf_changed":false,"footnotes":"","_links_to":"","_links_to_target":""},"categories":[103],"tags":[],"class_list":["post-27391","post","type-post","status-publish","format-standard","has-post-thumbnail","hentry","category-hirek"],"acf":[],"_links":{"self":[{"href":"https:\/\/drhe.hu\/en\/wp-json\/wp\/v2\/posts\/27391","targetHints":{"allow":["GET"]}}],"collection":[{"href":"https:\/\/drhe.hu\/en\/wp-json\/wp\/v2\/posts"}],"about":[{"href":"https:\/\/drhe.hu\/en\/wp-json\/wp\/v2\/types\/post"}],"author":[{"embeddable":true,"href":"https:\/\/drhe.hu\/en\/wp-json\/wp\/v2\/users\/38"}],"replies":[{"embeddable":true,"href":"https:\/\/drhe.hu\/en\/wp-json\/wp\/v2\/comments?post=27391"}],"version-history":[{"count":3,"href":"https:\/\/drhe.hu\/en\/wp-json\/wp\/v2\/posts\/27391\/revisions"}],"predecessor-version":[{"id":27400,"href":"https:\/\/drhe.hu\/en\/wp-json\/wp\/v2\/posts\/27391\/revisions\/27400"}],"wp:featuredmedia":[{"embeddable":true,"href":"https:\/\/drhe.hu\/en\/wp-json\/wp\/v2\/media\/27396"}],"wp:attachment":[{"href":"https:\/\/drhe.hu\/en\/wp-json\/wp\/v2\/media?parent=27391"}],"wp:term":[{"taxonomy":"category","embeddable":true,"href":"https:\/\/drhe.hu\/en\/wp-json\/wp\/v2\/categories?post=27391"},{"taxonomy":"post_tag","embeddable":true,"href":"https:\/\/drhe.hu\/en\/wp-json\/wp\/v2\/tags?post=27391"}],"curies":[{"name":"wp","href":"https:\/\/api.w.org\/{rel}","templated":true}]}}