{"id":27405,"date":"2026-04-30T11:33:18","date_gmt":"2026-04-30T09:33:18","guid":{"rendered":"https:\/\/drhe.hu\/?p=27405"},"modified":"2026-04-30T13:40:44","modified_gmt":"2026-04-30T11:40:44","slug":"palyazati-felhivas-tanszekvezetoi-tisztsegek-betoltesere","status":"publish","type":"post","link":"https:\/\/drhe.hu\/en\/2026\/04\/30\/palyazati-felhivas-tanszekvezetoi-tisztsegek-betoltesere\/","title":{"rendered":"P\u00e1ly\u00e1zati felh\u00edv\u00e1s tansz\u00e9kvezet\u0151i tiszts\u00e9gek bet\u00f6lt\u00e9s\u00e9re"},"content":{"rendered":"<p>A Debreceni Reform\u00e1tus Hittudom\u00e1nyi Egyetem rektora p\u00e1ly\u00e1zatot hirdet<strong> az \u00d3sz\u00f6vets\u00e9gi Tansz\u00e9k, az \u00dajsz\u00f6vets\u00e9gi Tansz\u00e9k, a Misszi\u00f3 \u00e9s Felekezettudom\u00e1nyi Tansz\u00e9k, a Magyar Nyelvi \u00e9s Irodalmi Tansz\u00e9k, a Pedag\u00f3gia \u00e9s Pszichol\u00f3gia Tansz\u00e9k, az Idegen Nyelvi Tansz\u00e9k, valamint a Rajz \u00e9s Vizu\u00e1lis Nevel\u00e9s Tansz\u00e9k <em>tansz\u00e9kvezet\u0151i tiszts\u00e9geire.<br \/>\n<\/em><\/strong>A megb\u00edz\u00e1sok <em>2026. augusztus 1-j\u00e9t\u0151l legfeljebb 2031. j\u00falius 31. napj\u00e1ig <\/em>sz\u00f3lhatnak a p\u00e1ly\u00e1z\u00f3 egyh\u00e1zi szolg\u00e1lati jogviszonya, illetve munkaviszonya fenn\u00e1ll\u00e1s\u00e1nak id\u0151tartama alatt.<br \/>\nA p\u00e1ly\u00e1zati felh\u00edv\u00e1s k\u00f6zz\u00e9t\u00e9tel\u00e9nek id\u0151pontja: 2026. \u00e1prilis 30.<br \/>\nA p\u00e1ly\u00e1zat beny\u00fajt\u00e1s\u00e1nak hat\u00e1rideje: 2026. j\u00fanius 1.<br \/>\nA p\u00e1ly\u00e1zat elb\u00edr\u00e1l\u00e1s\u00e1nak hat\u00e1rideje: 2026. j\u00fanius 16.<\/p>\n<p>A r\u00e9szletes p\u00e1ly\u00e1zati felh\u00edv\u00e1s <a href=\"https:\/\/drhe.hu\/wp-content\/uploads\/2026\/04\/Tanszekvezetoi-palyazatok-kiiras-2026-aprilis.pdf\">itt<\/a> tekinthet\u0151 meg.<\/p>\n","protected":false},"excerpt":{"rendered":"<p>A Debreceni Reform\u00e1tus Hittudom\u00e1nyi Egyetem rektora p\u00e1ly\u00e1zatot hirdet az \u00d3sz\u00f6vets\u00e9gi Tansz\u00e9k, az \u00dajsz\u00f6vets\u00e9gi Tansz\u00e9k, a Misszi\u00f3 \u00e9s Felekezettudom\u00e1nyi Tansz\u00e9k, a<\/p>\n","protected":false},"author":38,"featured_media":27409,"comment_status":"closed","ping_status":"closed","sticky":false,"template":"","format":"standard","meta":{"_acf_changed":false,"footnotes":"","_links_to":"","_links_to_target":""},"categories":[103],"tags":[],"class_list":["post-27405","post","type-post","status-publish","format-standard","has-post-thumbnail","hentry","category-hirek"],"acf":[],"_links":{"self":[{"href":"https:\/\/drhe.hu\/en\/wp-json\/wp\/v2\/posts\/27405","targetHints":{"allow":["GET"]}}],"collection":[{"href":"https:\/\/drhe.hu\/en\/wp-json\/wp\/v2\/posts"}],"about":[{"href":"https:\/\/drhe.hu\/en\/wp-json\/wp\/v2\/types\/post"}],"author":[{"embeddable":true,"href":"https:\/\/drhe.hu\/en\/wp-json\/wp\/v2\/users\/38"}],"replies":[{"embeddable":true,"href":"https:\/\/drhe.hu\/en\/wp-json\/wp\/v2\/comments?post=27405"}],"version-history":[{"count":1,"href":"https:\/\/drhe.hu\/en\/wp-json\/wp\/v2\/posts\/27405\/revisions"}],"predecessor-version":[{"id":27408,"href":"https:\/\/drhe.hu\/en\/wp-json\/wp\/v2\/posts\/27405\/revisions\/27408"}],"wp:featuredmedia":[{"embeddable":true,"href":"https:\/\/drhe.hu\/en\/wp-json\/wp\/v2\/media\/27409"}],"wp:attachment":[{"href":"https:\/\/drhe.hu\/en\/wp-json\/wp\/v2\/media?parent=27405"}],"wp:term":[{"taxonomy":"category","embeddable":true,"href":"https:\/\/drhe.hu\/en\/wp-json\/wp\/v2\/categories?post=27405"},{"taxonomy":"post_tag","embeddable":true,"href":"https:\/\/drhe.hu\/en\/wp-json\/wp\/v2\/tags?post=27405"}],"curies":[{"name":"wp","href":"https:\/\/api.w.org\/{rel}","templated":true}]}}