{"id":27411,"date":"2026-04-30T16:02:37","date_gmt":"2026-04-30T14:02:37","guid":{"rendered":"https:\/\/drhe.hu\/?p=27411"},"modified":"2026-04-30T16:08:30","modified_gmt":"2026-04-30T14:08:30","slug":"beszamolo-a-xxvii-orszagos-anyanyelvi-tanitasi-verseny","status":"publish","type":"post","link":"https:\/\/drhe.hu\/en\/2026\/04\/30\/beszamolo-a-xxvii-orszagos-anyanyelvi-tanitasi-verseny\/","title":{"rendered":"Besz\u00e1mol\u00f3 a XXVII. Orsz\u00e1gos Anyanyelvi Tan\u00edt\u00e1si Verseny"},"content":{"rendered":"<div>\n<p>A Debreceni Reform\u00e1tus Hittudom\u00e1nyi Egyetem Magyar Nyelvi \u00e9s Irodalmi Tansz\u00e9ke 2026. \u00e1prilis 27-29. k\u00f6z\u00f6tt rendezte meg a XXVII. Orsz\u00e1gos Anyanyelvi Tan\u00edt\u00e1si Versenyt.\u00a0 Az idei megm\u00e9rettet\u00e9sre az orsz\u00e1g sz\u00e1mos pontj\u00e1r\u00f3l, valamint hat\u00e1ron t\u00falr\u00f3l is \u00e9rkeztek versenyz\u0151k: Baj\u00e1r\u00f3l, Budapestr\u0151l, Egerb\u0151l, K\u00e9zdiv\u00e1s\u00e1rhelyr\u0151l, Nagyk\u0151r\u00f6sr\u0151l, Ny\u00edregyh\u00e1z\u00e1r\u00f3l, P\u00e9csr\u0151l, S\u00e1rospatakr\u00f3l \u00e9s Debrecenb\u0151l.<br \/>\nA verseny sor\u00e1n egy sz\u00e9pirodalmi sz\u00f6veg feldolgoz\u00e1s\u00e1ra ker\u00fclt sor, amely lehet\u0151s\u00e9get adott arra, hogy a tanul\u00f3k k\u00fcl\u00f6nb\u00f6z\u0151 n\u00e9pek mes\u00e9ivel ismerkedjenek meg. A versenyz\u0151k kiv\u00e1l\u00f3 felk\u00e9sz\u00fclts\u00e9gr\u0151l tettek tan\u00fabizonys\u00e1got: kreat\u00edv megold\u00e1saikkal \u00e9s \u00e9lm\u00e9nyszer\u0171 m\u00f3dszereikkel vezett\u00e9k be a K\u00f6lcsey Ferenc Reform\u00e1tus Gyakorl\u00f3 \u00c1ltal\u00e1nos Iskola 3. \u00e9s 4. \u00e9vfolyamos di\u00e1kjait e t\u00f6rt\u00e9netek gazdag vil\u00e1g\u00e1ba.<\/p>\n<p>A verseny az al\u00e1bbi eredm\u00e9nnyel z\u00e1rult:<br \/>\nI. helyezett: Nyitrai Lotti (Eger)<br \/>\nII. helyezett: Fedor Zs\u00f3fia (S\u00e1rospatak), <strong>Gub\u00e1nyi Al\u00edz (DRHE)<br \/>\n<\/strong>III. helyezett: Hud\u00e1k Bence (Ny\u00edregyh\u00e1za)<\/p>\n<p>Sz\u00edvb\u0151l gratul\u00e1lunk a versenyz\u0151k kiemelked\u0151 teljes\u00edtm\u00e9ny\u00e9hez!<br \/>\nH\u00e1l\u00e1s k\u00f6sz\u00f6net illeti az els\u0151- \u00e9s m\u00e1sod\u00e9ves hallgat\u00f3inkat, akik lelkes \u00e9s seg\u00edt\u0151k\u00e9sz munk\u00e1jukkal jelent\u0151sen hozz\u00e1j\u00e1rultak a verseny siker\u00e9hez.<br \/>\nA zs\u0171ri, valamint a k\u00fcl\u00f6nb\u00f6z\u0151 int\u00e9zm\u00e9nyekb\u0151l \u00e9rkez\u0151 szakvezet\u0151k, tant\u00e1rgypedag\u00f3gusok \u00e9s hallgat\u00f3k egyar\u00e1nt elismer\u00e9s\u00fcket fejezt\u00e9k ki a verseny magas sz\u00ednvonal\u00fa lebonyol\u00edt\u00e1s\u00e1\u00e9rt, a vend\u00e9gszeretet\u00e9rt \u00e9s a kiv\u00e1l\u00f3 k\u00f6r\u00fclm\u00e9nyek biztos\u00edt\u00e1s\u00e1\u00e9rt. K\u00f6sz\u00f6nj\u00fck koll\u00e9g\u00e1ink odaad\u00f3 \u00e9s t\u00e1mogat\u00f3 hozz\u00e1\u00e1ll\u00e1s\u00e1t, amely nagyban el\u0151seg\u00edtette az esem\u00e9ny sikeres megval\u00f3s\u00edt\u00e1s\u00e1t.<br \/>\nB\u00edzunk benne, hogy a j\u00f6v\u0151ben is hasonl\u00f3 egy\u00fcttm\u0171k\u00f6d\u00e9sben rendezhetj\u00fck meg az Orsz\u00e1gos Anyanyelvi Tan\u00edt\u00e1si Versenyt!<\/p>\n<p>Dr. Lember-Major Enik\u0151, anyanyelvi tant\u00e1rgypedag\u00f3gus<\/p>\n<p>&nbsp;<\/p>\n<\/div>\n<div><\/div>\n<div><img loading=\"lazy\" decoding=\"async\" class=\"alignnone wp-image-27412\" src=\"https:\/\/drhe.hu\/wp-content\/uploads\/2026\/04\/Alizzal.jpg\" alt=\"\" width=\"458\" height=\"611\" srcset=\"https:\/\/drhe.hu\/wp-content\/uploads\/2026\/04\/Alizzal.jpg 1536w, https:\/\/drhe.hu\/wp-content\/uploads\/2026\/04\/Alizzal-300x400.jpg 300w, https:\/\/drhe.hu\/wp-content\/uploads\/2026\/04\/Alizzal-1152x1536.jpg 1152w\" sizes=\"auto, (max-width: 458px) 100vw, 458px\" \/>\u00a0 \u00a0 \u00a0 \u00a0 \u00a0 <img loading=\"lazy\" decoding=\"async\" class=\"alignnone wp-image-27414\" src=\"https:\/\/drhe.hu\/wp-content\/uploads\/2026\/04\/Ossznepi.jpg\" alt=\"\" width=\"1032\" height=\"580\" srcset=\"https:\/\/drhe.hu\/wp-content\/uploads\/2026\/04\/Ossznepi.jpg 2048w, https:\/\/drhe.hu\/wp-content\/uploads\/2026\/04\/Ossznepi-1536x864.jpg 1536w\" sizes=\"auto, (max-width: 1032px) 100vw, 1032px\" \/><\/div>\n","protected":false},"excerpt":{"rendered":"<p>A Debreceni Reform\u00e1tus Hittudom\u00e1nyi Egyetem Magyar Nyelvi \u00e9s Irodalmi Tansz\u00e9ke 2026. \u00e1prilis 27-29. k\u00f6z\u00f6tt rendezte meg a XXVII. Orsz\u00e1gos Anyanyelvi<\/p>\n","protected":false},"author":38,"featured_media":27416,"comment_status":"closed","ping_status":"closed","sticky":false,"template":"","format":"standard","meta":{"_acf_changed":false,"footnotes":"","_links_to":"","_links_to_target":""},"categories":[103],"tags":[],"class_list":["post-27411","post","type-post","status-publish","format-standard","has-post-thumbnail","hentry","category-hirek"],"acf":[],"_links":{"self":[{"href":"https:\/\/drhe.hu\/en\/wp-json\/wp\/v2\/posts\/27411","targetHints":{"allow":["GET"]}}],"collection":[{"href":"https:\/\/drhe.hu\/en\/wp-json\/wp\/v2\/posts"}],"about":[{"href":"https:\/\/drhe.hu\/en\/wp-json\/wp\/v2\/types\/post"}],"author":[{"embeddable":true,"href":"https:\/\/drhe.hu\/en\/wp-json\/wp\/v2\/users\/38"}],"replies":[{"embeddable":true,"href":"https:\/\/drhe.hu\/en\/wp-json\/wp\/v2\/comments?post=27411"}],"version-history":[{"count":4,"href":"https:\/\/drhe.hu\/en\/wp-json\/wp\/v2\/posts\/27411\/revisions"}],"predecessor-version":[{"id":27421,"href":"https:\/\/drhe.hu\/en\/wp-json\/wp\/v2\/posts\/27411\/revisions\/27421"}],"wp:featuredmedia":[{"embeddable":true,"href":"https:\/\/drhe.hu\/en\/wp-json\/wp\/v2\/media\/27416"}],"wp:attachment":[{"href":"https:\/\/drhe.hu\/en\/wp-json\/wp\/v2\/media?parent=27411"}],"wp:term":[{"taxonomy":"category","embeddable":true,"href":"https:\/\/drhe.hu\/en\/wp-json\/wp\/v2\/categories?post=27411"},{"taxonomy":"post_tag","embeddable":true,"href":"https:\/\/drhe.hu\/en\/wp-json\/wp\/v2\/tags?post=27411"}],"curies":[{"name":"wp","href":"https:\/\/api.w.org\/{rel}","templated":true}]}}